{"id":1256,"date":"2026-04-25T15:01:02","date_gmt":"2026-04-25T13:01:02","guid":{"rendered":"https:\/\/surfbiscarrosse.com\/?p=1256"},"modified":"2026-04-25T15:08:21","modified_gmt":"2026-04-25T13:08:21","slug":"ein-wochenende-um-zu-atmen-sich-zu-bewegen-und-sich-wieder-zu-verbinden","status":"publish","type":"post","link":"https:\/\/surfbiscarrosse.com\/de\/evenement\/un-week-end-pour-respirer-bouger-et-se-reconnecter\/","title":{"rendered":"Ein Wochenende zum Atmen, Bewegen und Wiederverbinden"},"content":{"rendered":"<p><strong>Wie w\u00e4re es, wenn du dir eine Auszeit g\u00f6nnst, um den Sommer zu feiern?<\/strong><\/p>\n\n\n\n<p>Vom 19. bis 21. Juni organisiert die passionierte Yogalehrerin Marine das Retreat <strong><em>Into the flow<\/em><\/strong> mit einer Mischung aus Yoga und Surfen. Ein Wochenende, das wie eine echte Blase zum Abschalten gedacht ist, zwischen Bewegung, Natur und einfachen Freuden.<\/p>\n\n\n\n<p><strong>Auf dem Programm<\/strong><br>Yogastunden, um den K\u00f6rper sanft aufzuwecken, zwei Surfkurse, um mit den Elementen zu spielen, und vor allem Zeit, um zu verlangsamen, zu atmen und dich selbst zu finden.<\/p>\n\n\n\n<p>Das Erlebnis ist komplett: Unterkunft auf dem Gel\u00e4nde und eine farbenfrohe, n\u00e4hrende Sommerk\u00fcche, um sich um dich zu k\u00fcmmern.<\/p>\n\n\n\n<p>Ob du Anf\u00e4ngerin bist oder dich bereits auf der Matte oder im Wasser wohlf\u00fchlst, dieses Retreat ist offen f\u00fcr alle, die den Wunsch versp\u00fcren, eine Pause einzulegen und einen ausgerichteten, einfachen und freudvollen Moment zu erleben.<\/p>\n\n\n\n<ul class=\"wp-block-list\">\n<li>Datum: 19. bis 21. Juni<\/li>\n\n\n\n<li>Anmeldungen bis zum 1. Mai m\u00f6glich<\/li>\n\n\n\n<li>Ab 390\u20ac pro Wochenende<\/li>\n<\/ul>\n\n\n\n<p>Die verbleibenden Pl\u00e4tze sind begrenzt - wenn der Ruf da ist, ist es vielleicht ein guter Zeitpunkt, dir zuzuh\u00f6ren.<\/p>\n\n\n<style>.wp-block-kadence-advancedbtn.kb-btns1256_be69e9-47{gap:var(--global-kb-gap-xs, 0.5rem );justify-content:center;align-items:center;}.kt-btns1256_be69e9-47 .kt-button{font-weight:normal;font-style:normal;}.kt-btns1256_be69e9-47 .kt-btn-wrap-0{margin-right:5px;}.wp-block-kadence-advancedbtn.kt-btns1256_be69e9-47 .kt-btn-wrap-0 .kt-button{color:#555555;border-color:#555555;}.wp-block-kadence-advancedbtn.kt-btns1256_be69e9-47 .kt-btn-wrap-0 .kt-button:hover, .wp-block-kadence-advancedbtn.kt-btns1256_be69e9-47 .kt-btn-wrap-0 .kt-button:focus{color:#ffffff;border-color:#444444;}.wp-block-kadence-advancedbtn.kt-btns1256_be69e9-47 .kt-btn-wrap-0 .kt-button::before{display:none;}.wp-block-kadence-advancedbtn.kt-btns1256_be69e9-47 .kt-btn-wrap-0 .kt-button:hover, .wp-block-kadence-advancedbtn.kt-btns1256_be69e9-47 .kt-btn-wrap-0 .kt-button:focus{background:#444444;}<\/style>\n<div class=\"wp-block-kadence-advancedbtn kb-buttons-wrap kb-btns1256_be69e9-47\"><style>ul.menu .wp-block-kadence-advancedbtn .kb-btn1256_2faa84-7f.kb-button{width:initial;}<\/style><a class=\"kb-button kt-button button kb-btn1256_2faa84-7f kt-btn-size-standard kt-btn-width-type-auto kb-btn-global-inherit  kt-btn-has-text-true kt-btn-has-svg-false  wp-block-button__link wp-block-kadence-singlebtn\" href=\"https:\/\/happyogi-marinegabana.com\/retraites\/bliss\/\" target=\"_blank\" rel=\"noreferrer noopener\"><span class=\"kt-btn-inner-text\">Den Ruhestand entdecken und buchen<\/span><\/a><\/div>","protected":false},"excerpt":{"rendered":"<p>Et si tu t\u2019offrais une parenth\u00e8se pour c\u00e9l\u00e9brer l\u2019\u00e9t\u00e9? Du 19 au 21 juin, Marine, professeure de yoga passionn\u00e9e, organise la retraite Into the flow m\u00ealant yoga et surf. Un week-end pens\u00e9 comme une vraie bulle de d\u00e9connexion, entre mouvement, nature et plaisirs simples. Au programmedes s\u00e9ances de yoga pour r\u00e9veiller le corps en douceur,&#8230;<\/p>","protected":false},"author":2,"featured_media":1265,"comment_status":"closed","ping_status":"closed","sticky":false,"template":"","format":"standard","meta":{"_acf_changed":false,"_kad_blocks_custom_css":"","_kad_blocks_head_custom_js":"","_kad_blocks_body_custom_js":"","_kad_blocks_footer_custom_js":"","_kad_post_transparent":"","_kad_post_title":"","_kad_post_layout":"","_kad_post_sidebar_id":"","_kad_post_content_style":"","_kad_post_vertical_padding":"","_kad_post_feature":"","_kad_post_feature_position":"","_kad_post_header":false,"_kad_post_footer":false,"_kad_post_classname":"","footnotes":""},"categories":[26],"tags":[],"class_list":["post-1256","post","type-post","status-publish","format-standard","has-post-thumbnail","hentry","category-evenement"],"acf":[],"taxonomy_info":{"category":[{"value":26,"label":"\u00c9v\u00e9nement"}]},"featured_image_src_large":["https:\/\/surfbiscarrosse.com\/wp-content\/uploads\/sites\/10\/2026\/04\/alessio-billeci-_bfL8oOC8cA-unsplash-1024x678.jpg",1024,678,true],"author_info":{"display_name":"manon","author_link":"https:\/\/surfbiscarrosse.com\/de\/author\/manon\/"},"comment_info":"","category_info":[{"term_id":26,"name":"\u00c9v\u00e9nement","slug":"evenement","term_group":0,"term_taxonomy_id":26,"taxonomy":"category","description":"","parent":0,"count":1,"filter":"raw","cat_ID":26,"category_count":1,"category_description":"","cat_name":"\u00c9v\u00e9nement","category_nicename":"evenement","category_parent":0}],"tag_info":false,"_links":{"self":[{"href":"https:\/\/surfbiscarrosse.com\/de\/wp-json\/wp\/v2\/posts\/1256","targetHints":{"allow":["GET"]}}],"collection":[{"href":"https:\/\/surfbiscarrosse.com\/de\/wp-json\/wp\/v2\/posts"}],"about":[{"href":"https:\/\/surfbiscarrosse.com\/de\/wp-json\/wp\/v2\/types\/post"}],"author":[{"embeddable":true,"href":"https:\/\/surfbiscarrosse.com\/de\/wp-json\/wp\/v2\/users\/2"}],"replies":[{"embeddable":true,"href":"https:\/\/surfbiscarrosse.com\/de\/wp-json\/wp\/v2\/comments?post=1256"}],"version-history":[{"count":3,"href":"https:\/\/surfbiscarrosse.com\/de\/wp-json\/wp\/v2\/posts\/1256\/revisions"}],"predecessor-version":[{"id":1260,"href":"https:\/\/surfbiscarrosse.com\/de\/wp-json\/wp\/v2\/posts\/1256\/revisions\/1260"}],"wp:featuredmedia":[{"embeddable":true,"href":"https:\/\/surfbiscarrosse.com\/de\/wp-json\/wp\/v2\/media\/1265"}],"wp:attachment":[{"href":"https:\/\/surfbiscarrosse.com\/de\/wp-json\/wp\/v2\/media?parent=1256"}],"wp:term":[{"taxonomy":"category","embeddable":true,"href":"https:\/\/surfbiscarrosse.com\/de\/wp-json\/wp\/v2\/categories?post=1256"},{"taxonomy":"post_tag","embeddable":true,"href":"https:\/\/surfbiscarrosse.com\/de\/wp-json\/wp\/v2\/tags?post=1256"}],"curies":[{"name":"wp","href":"https:\/\/api.w.org\/{rel}","templated":true}]}}